{"id":2459,"date":"2016-09-13T08:38:04","date_gmt":"2016-09-13T06:38:04","guid":{"rendered":"https:\/\/hasici.visnove.cz\/?p=2459"},"modified":"2016-09-13T08:43:09","modified_gmt":"2016-09-13T06:43:09","slug":"hasici-ve-visnovem-budou-mit-na-novou-moderni-velkokapacitni-cisternu","status":"publish","type":"post","link":"https:\/\/hasici.visnove.cz\/?p=2459","title":{"rendered":"Hasi\u010di ve Vi\u0161\u0148ov\u00e9m budou m\u00edt na novou, modern\u00ed velkokapacitn\u00ed cisternu."},"content":{"rendered":"<figure id=\"attachment_2461\" aria-describedby=\"caption-attachment-2461\" style=\"width: 300px\" class=\"wp-caption alignleft\"><a href=\"https:\/\/hasici.visnove.cz\/wp-content\/uploads\/2016\/09\/jedna-z-mo\u017en\u00fdch-podob-velkokapacitn\u00ed-cisterny.jpg\"><img loading=\"lazy\" class=\"wp-image-2461 size-medium\" src=\"https:\/\/hasici.visnove.cz\/wp-content\/uploads\/2016\/09\/jedna-z-mo\u017en\u00fdch-podob-velkokapacitn\u00ed-cisterny-300x212.jpg\" alt=\"jedna z mo\u017en\u00fdch podob velkokapacitn\u00ed cisterny\" width=\"300\" height=\"212\" srcset=\"https:\/\/hasici.visnove.cz\/wp-content\/uploads\/2016\/09\/jedna-z-mo\u017en\u00fdch-podob-velkokapacitn\u00ed-cisterny-300x212.jpg 300w, https:\/\/hasici.visnove.cz\/wp-content\/uploads\/2016\/09\/jedna-z-mo\u017en\u00fdch-podob-velkokapacitn\u00ed-cisterny.jpg 953w\" sizes=\"(max-width: 300px) 100vw, 300px\" \/><\/a><figcaption id=\"caption-attachment-2461\" class=\"wp-caption-text\">Jedna z mo\u017en\u00fdch podob velkokapacitn\u00ed cisterny<\/figcaption><\/figure>\n<p style=\"text-align: justify;\">JSDH Vi\u0161\u0148ov\u00e9 je za\u0159azena od za\u010d\u00e1tku leto\u0161n\u00edho roku v kategorii JPOII. To klade na na\u0161e hasi\u010de zv\u00fd\u0161en\u00e9 n\u00e1roky nejen, t\u0159eba na rychlost v\u00fdjezdu a jejich \u010detnost, ale hlavn\u011b na technick\u00e9 vybaven\u00ed, v\u00fdzbroj a v\u00fdstroj.\u00a0 Hasi\u010di pou\u017e\u00edvaj\u00ed k z\u00e1sah\u016fm v\u00edce jak \u010dtvrt stolet\u00ed starou cisternu. A proto M\u011bstys Vi\u0161\u0148ov\u00e9 vyu\u017eil jedine\u010dn\u00e9 mo\u017enosti a podal \u017e\u00e1dost o podporu z Integrovan\u00e9ho region\u00e1ln\u00edho opera\u010dn\u00edho programu, specifick\u00e9ho c\u00edle 1.3 &#8211; Zv\u00fd\u0161en\u00ed p\u0159ipravenosti k \u0159e\u0161en\u00ed a \u0159\u00edzen\u00ed rizik a katastrof.<\/p>\n<p style=\"text-align: justify;\">V\u00fdzva nazvan\u00e1 \u201eTechnika pro integrovan\u00fd z\u00e1chrann\u00fd syst\u00e9m\u201c byla zam\u011b\u0159ena na podporu po\u0159\u00edzen\u00ed specializovan\u00e9 techniky a v\u011bcn\u00fdch prost\u0159edk\u016f pro odstra\u0148ov\u00e1n\u00ed d\u016fsledk\u016f nadpr\u016fm\u011brn\u00fdch sn\u011bhov\u00fdch sr\u00e1\u017eek a masivn\u00edch n\u00e1mraz, v\u00fdkon \u010dinnost\u00ed spojen\u00fdch s ork\u00e1ny a v\u011btrn\u00fdmi smr\u0161t\u011bmi, v\u00fdkon \u010dinnost\u00ed spojen\u00fdch s extr\u00e9mn\u00edm suchem a v\u00fdkon \u010dinnost\u00ed v souvislosti s hav\u00e1riemi spojen\u00fdmi s \u00fanikem nebezpe\u010dn\u00fdch l\u00e1tek.\u00a0 \u017d\u00e1dost o podporu byla ji\u017e schv\u00e1lena a tak se mohou hasi\u010di t\u011b\u0161it na novou a nov\u011b vybavenou modern\u00ed velkokapacitn\u00ed cisternu, kter\u00e1 je schopna rychle na m\u00edsto mimo\u0159\u00e1dn\u00e9 ud\u00e1losti dopravit 6 hasi\u010d\u016f, 8m3 vody a 500l p\u011bnidla.\u00a0 Toto vozidlo dopln\u00ed a v budoucnu nahrad\u00ed st\u00e1rnouc\u00ed z\u00e1sahov\u00e9 vozidlo CAS 25k Liaz. <strong>Podpo\u0159en\u00fd projekt na po\u0159\u00edzen\u00ed velkokapacitn\u00ed po\u017e\u00e1rn\u00ed cisterny dokazuje, jak Vi\u0161\u0148ov\u00e9 efektivn\u011b vyu\u017e\u00edv\u00e1 dota\u010dn\u00edch mo\u017enost\u00ed ke zlep\u0161ov\u00e1n\u00ed fungov\u00e1n\u00ed v\u0161ech oblast\u00ed \u017eivota v\u00a0m\u011bstysi. <\/strong>Celkov\u00e9 n\u00e1klady projektu jsou 7.500.000,- (vlastn\u00ed automobil, pod\u00e1n\u00ed \u017e\u00e1dosti a vypracov\u00e1n\u00ed pot\u0159ebn\u00fdch dokument\u016f, v\u00fdb\u011brov\u00e9 \u0159\u00edzen\u00ed a povinn\u00e1 publicita)<\/p>\n<ul style=\"text-align: justify;\">\n<li>85 % Evropsk\u00fd fond pro region\u00e1ln\u00ed rozvoj<\/li>\n<li>5 % St\u00e1tn\u00ed rozpo\u010det.<\/li>\n<li>10 % Rozpo\u010det m\u011bstyse Vi\u0161\u0148ov\u00e9ho<\/li>\n<\/ul>\n<p style=\"text-align: justify;\">V sou\u010dasn\u00e9 dob\u011b je akce ve f\u00e1zi schv\u00e1len\u00ed dotace, bude prob\u00edhat v\u00fdb\u011brov\u00e9 \u0159\u00edzen\u00ed a n\u00e1sledn\u011b podpis smlouvy. Na dod\u00e1n\u00ed vozidel t\u00e9to kategorie si v\u00fdrobci nech\u00e1vaj\u00ed lh\u016ftu min. 6 m\u011bs\u00edc\u016f. A tak by vozidlo mohlo b\u00fdt p\u0159ed\u00e1no, po\u017eehn\u00e1no a slavnostn\u011b uvedeno do provozu v p\u0159\u00ed\u0161t\u00edm roce p\u0159i pl\u00e1novan\u00e9 oslav\u011b 120 let od zalo\u017een\u00ed SDH ve Vi\u0161\u0148ov\u00e9m. To by byl mysl\u00edm ten nejlep\u0161\u00ed d\u00e1rek k narozenin\u00e1m, o kter\u00e9m se n\u00e1m ale i na\u0161im p\u0159edk\u016fm nemohlo ani zd\u00e1t. Vozidlo bude velk\u00fdm p\u0159\u00ednosem nejenom pro hasi\u010de, kter\u00fdm usnadn\u00ed dobrovolnou \u010dinnost, ale i pro samotn\u00e9 Vi\u0161\u0148ov\u00e9, obce v \u0161irok\u00e9m okol\u00ed a ur\u010dit\u011b i firmy, kter\u00e9 jsou ohro\u017eeny velk\u00fdmi po\u017e\u00e1ry. Pln\u011b vybaven\u00e9 vozidlo t\u00e9to kategorie je schopno dopravit ve velice kr\u00e1tk\u00e9 dob\u011b velk\u00e9 mno\u017estv\u00ed hasebn\u00edch l\u00e1tek na m\u00edsto mimo\u0159\u00e1dn\u00e9 ud\u00e1losti a poskytnout hasi\u010d\u016fm ve\u0161ker\u00e9 pot\u0159ebn\u00e9 vybaven\u00ed (nap\u0159\u00edklad modern\u00ed d\u00fdchac\u00ed techniku, plovouc\u00ed \u010derpadlo atd.) a odpov\u00eddaj\u00edc\u00ed z\u00e1zem\u00ed.<\/p>\n<figure id=\"attachment_2463\" aria-describedby=\"caption-attachment-2463\" style=\"width: 680px\" class=\"wp-caption aligncenter\"><a href=\"https:\/\/hasici.visnove.cz\/wp-content\/uploads\/2016\/09\/hasi\u010d\u00e1rna-Vi\u0161\u0148ov\u00e9-m.jpg\"><img loading=\"lazy\" class=\"wp-image-2463\" src=\"https:\/\/hasici.visnove.cz\/wp-content\/uploads\/2016\/09\/hasi\u010d\u00e1rna-Vi\u0161\u0148ov\u00e9-m-1024x630.jpg\" alt=\"hasi\u010d\u00e1rna Vi\u0161\u0148ov\u00e9 m\" width=\"680\" height=\"418\" srcset=\"https:\/\/hasici.visnove.cz\/wp-content\/uploads\/2016\/09\/hasi\u010d\u00e1rna-Vi\u0161\u0148ov\u00e9-m-1024x630.jpg 1024w, https:\/\/hasici.visnove.cz\/wp-content\/uploads\/2016\/09\/hasi\u010d\u00e1rna-Vi\u0161\u0148ov\u00e9-m-300x185.jpg 300w, https:\/\/hasici.visnove.cz\/wp-content\/uploads\/2016\/09\/hasi\u010d\u00e1rna-Vi\u0161\u0148ov\u00e9-m.jpg 1239w\" sizes=\"(max-width: 680px) 100vw, 680px\" \/><\/a><figcaption id=\"caption-attachment-2463\" class=\"wp-caption-text\">Hasi\u010d\u00e1rna Vi\u0161\u0148ov\u00e9<\/figcaption><\/figure>\n<p style=\"text-align: justify;\">Projekt Po\u0159\u00edzen\u00ed velkokapacitn\u00ed po\u017e\u00e1rn\u00ed cisterny pro JSDH Vi\u0161\u0148ov\u00e9 je spolufinancov\u00e1n Evropskou\u00a0uni\u00ed.<\/p>\n","protected":false},"excerpt":{"rendered":"<p>JSDH Vi\u0161\u0148ov\u00e9 je za\u0159azena od za\u010d\u00e1tku leto\u0161n\u00edho roku v kategorii JPOII. To klade na na\u0161e hasi\u010de zv\u00fd\u0161en\u00e9 n\u00e1roky nejen, t\u0159eba<\/p>\n","protected":false},"author":1,"featured_media":0,"comment_status":"closed","ping_status":"closed","sticky":false,"template":"","format":"standard","meta":[],"categories":[1],"tags":[],"_links":{"self":[{"href":"https:\/\/hasici.visnove.cz\/index.php?rest_route=\/wp\/v2\/posts\/2459"}],"collection":[{"href":"https:\/\/hasici.visnove.cz\/index.php?rest_route=\/wp\/v2\/posts"}],"about":[{"href":"https:\/\/hasici.visnove.cz\/index.php?rest_route=\/wp\/v2\/types\/post"}],"author":[{"embeddable":true,"href":"https:\/\/hasici.visnove.cz\/index.php?rest_route=\/wp\/v2\/users\/1"}],"replies":[{"embeddable":true,"href":"https:\/\/hasici.visnove.cz\/index.php?rest_route=%2Fwp%2Fv2%2Fcomments&post=2459"}],"version-history":[{"count":6,"href":"https:\/\/hasici.visnove.cz\/index.php?rest_route=\/wp\/v2\/posts\/2459\/revisions"}],"predecessor-version":[{"id":2467,"href":"https:\/\/hasici.visnove.cz\/index.php?rest_route=\/wp\/v2\/posts\/2459\/revisions\/2467"}],"wp:attachment":[{"href":"https:\/\/hasici.visnove.cz\/index.php?rest_route=%2Fwp%2Fv2%2Fmedia&parent=2459"}],"wp:term":[{"taxonomy":"category","embeddable":true,"href":"https:\/\/hasici.visnove.cz\/index.php?rest_route=%2Fwp%2Fv2%2Fcategories&post=2459"},{"taxonomy":"post_tag","embeddable":true,"href":"https:\/\/hasici.visnove.cz\/index.php?rest_route=%2Fwp%2Fv2%2Ftags&post=2459"}],"curies":[{"name":"wp","href":"https:\/\/api.w.org\/{rel}","templated":true}]}}