{"id":3929,"date":"2017-12-12T18:24:24","date_gmt":"2017-12-12T16:24:24","guid":{"rendered":"https:\/\/hasici.visnove.cz\/?p=3929"},"modified":"2017-12-12T18:29:22","modified_gmt":"2017-12-12T16:29:22","slug":"odborna-konference-clenu-jednotek-sdh-obci-a-prislusniku-hzs-cr-probehla-jiz-podvanacte-nasi-zastupci-nechybeli","status":"publish","type":"post","link":"https:\/\/hasici.visnove.cz\/?p=3929","title":{"rendered":"Odborn\u00e1 konference \u010dlen\u016f jednotek SDH obc\u00ed a p\u0159\u00edslu\u0161n\u00edk\u016f HZS \u010cR prob\u011bhla ji\u017e podvan\u00e1ct\u00e9 &#8211; na\u0161\u00ed z\u00e1stupci nechyb\u011bli"},"content":{"rendered":"<div class=\"content\">\n<p>V&nbsp;sobotu 9.&nbsp;prosince 2017&nbsp;se uskute\u010dnil ji\u017e 12.&nbsp;ro\u010dn\u00edk \u201eOdborn\u00e9 konference \u010dlen\u016f jednotek SDH obc\u00ed a p\u0159\u00edslu\u0161n\u00edk\u016f HZS&nbsp;\u010cR\u201c.<\/p>\n<div class=\"img first-image\">&nbsp;Tato odborn\u00e1 konference se tradi\u010dn\u011b konala na p\u016fd\u011b Vysok\u00e9ho u\u010den\u00ed technick\u00e9ho v&nbsp;Brn\u011b, fakult\u011b chemick\u00e9, a jednotliv\u00e1 t\u00e9mata se zab\u00fdvala aktu\u00e1ln\u00ed problematikou \u010dinnost\u00ed jednotek po\u017e\u00e1rn\u00ed ochrany v&nbsp;r\u00e1mci takzvan\u00e9ho \u201eopera\u010dn\u00edho \u0159\u00edzen\u00ed\u201c, tedy ve vztahu k&nbsp;z\u00e1sahov\u00e9 \u010dinnosti p\u0159i \u0159e\u0161en\u00ed mimo\u0159\u00e1dn\u00fdch ud\u00e1lost\u00ed.<\/div>\n<div>Osobn\u011b mus\u00edm ocenit velice vysokou \u00farove\u0148 t\u00e9to konference na \u00farovni.<\/div>\n<div>p\u0159evzato z:<\/div>\n<div><a href=\"https:\/\/www.pozary.cz\/clanek\/176988-odborna-konference-clenu-jednotek-sdh-obci-a-prislusniku-hzs-cr-probehla-jiz-podvanacte\/\">https:\/\/www.pozary.cz\/clanek\/176988-odborna-konference-clenu-jednotek-sdh-obci-a-prislusniku-hzs-cr-probehla-jiz-podvanacte\/<\/a><\/div>\n<div class=\"signature\">&nbsp;<\/div>\n<\/div>\n<p>&nbsp;<\/p>\n<section id=\"gallery\"><\/section>\n","protected":false},"excerpt":{"rendered":"<p>V&nbsp;sobotu 9.&nbsp;prosince 2017&nbsp;se uskute\u010dnil ji\u017e 12.&nbsp;ro\u010dn\u00edk \u201eOdborn\u00e9 konference \u010dlen\u016f jednotek SDH obc\u00ed a p\u0159\u00edslu\u0161n\u00edk\u016f HZS&nbsp;\u010cR\u201c. &nbsp;Tato odborn\u00e1 konference se tradi\u010dn\u011b<\/p>\n","protected":false},"author":1,"featured_media":3933,"comment_status":"closed","ping_status":"closed","sticky":false,"template":"","format":"standard","meta":[],"categories":[1],"tags":[],"_links":{"self":[{"href":"https:\/\/hasici.visnove.cz\/index.php?rest_route=\/wp\/v2\/posts\/3929"}],"collection":[{"href":"https:\/\/hasici.visnove.cz\/index.php?rest_route=\/wp\/v2\/posts"}],"about":[{"href":"https:\/\/hasici.visnove.cz\/index.php?rest_route=\/wp\/v2\/types\/post"}],"author":[{"embeddable":true,"href":"https:\/\/hasici.visnove.cz\/index.php?rest_route=\/wp\/v2\/users\/1"}],"replies":[{"embeddable":true,"href":"https:\/\/hasici.visnove.cz\/index.php?rest_route=%2Fwp%2Fv2%2Fcomments&post=3929"}],"version-history":[{"count":4,"href":"https:\/\/hasici.visnove.cz\/index.php?rest_route=\/wp\/v2\/posts\/3929\/revisions"}],"predecessor-version":[{"id":3934,"href":"https:\/\/hasici.visnove.cz\/index.php?rest_route=\/wp\/v2\/posts\/3929\/revisions\/3934"}],"wp:featuredmedia":[{"embeddable":true,"href":"https:\/\/hasici.visnove.cz\/index.php?rest_route=\/wp\/v2\/media\/3933"}],"wp:attachment":[{"href":"https:\/\/hasici.visnove.cz\/index.php?rest_route=%2Fwp%2Fv2%2Fmedia&parent=3929"}],"wp:term":[{"taxonomy":"category","embeddable":true,"href":"https:\/\/hasici.visnove.cz\/index.php?rest_route=%2Fwp%2Fv2%2Fcategories&post=3929"},{"taxonomy":"post_tag","embeddable":true,"href":"https:\/\/hasici.visnove.cz\/index.php?rest_route=%2Fwp%2Fv2%2Ftags&post=3929"}],"curies":[{"name":"wp","href":"https:\/\/api.w.org\/{rel}","templated":true}]}}