{"id":528,"date":"2012-06-06T18:28:35","date_gmt":"2012-06-06T16:28:35","guid":{"rendered":"https:\/\/hasici.visnove.cz\/?p=528"},"modified":"2012-06-06T18:32:26","modified_gmt":"2012-06-06T16:32:26","slug":"navsteva-deti-z-materske-skoly-v-hasicarne","status":"publish","type":"post","link":"https:\/\/hasici.visnove.cz\/?p=528","title":{"rendered":"N\u00e1v\u0161t\u011bva d\u011bt\u00ed z mate\u0159sk\u00e9 \u0161koly v hasi\u010d\u00e1rn\u011b"},"content":{"rendered":"<p><a href=\"https:\/\/hasici.visnove.cz\/wp-content\/uploads\/2012\/06\/P6063739.jpg\"><img loading=\"lazy\" class=\"alignleft size-thumbnail wp-image-529\" title=\"P6063739\" src=\"https:\/\/hasici.visnove.cz\/wp-content\/uploads\/2012\/06\/P6063739-150x150.jpg\" alt=\"\" width=\"150\" height=\"150\" \/><\/a>6. \u010dervna n\u00e1s nav\u0161t\u00edvily, jako ka\u017ed\u00fd rok, d\u011bti z vi\u0161\u0148ovsk\u00e9 mate\u0159sk\u00e9 \u0161koly. D\u011btem nejprve uk\u00e1zal starosta SDH Vi\u0161\u0148ov\u00e9 pan Franti\u0161ek \u0160n\u00e1bl v\u00fdzbroj a v\u00fdstroj, kterou hasi\u010di pou\u017e\u00edvaj\u00ed. Pot\u00e9 jim pan Ji\u0159\u00ed Beran vysv\u011btlil, jak se maj\u00ed p\u0159i po\u017e\u00e1ru chovat, jak se po\u017e\u00e1ry has\u00ed a jak jim p\u0159edch\u00e1zet. <a href=\"https:\/\/hasici.visnove.cz\/wp-content\/uploads\/2012\/06\/P6063762.jpg\"><img loading=\"lazy\" class=\"size-thumbnail wp-image-533 alignright\" title=\"P6063762\" src=\"https:\/\/hasici.visnove.cz\/wp-content\/uploads\/2012\/06\/P6063762-150x150.jpg\" alt=\"\" width=\"150\" height=\"150\" \/><\/a><a href=\"https:\/\/hasici.visnove.cz\/wp-content\/uploads\/2012\/06\/P6063747.jpg\"><img loading=\"lazy\" class=\"size-thumbnail wp-image-531 alignright\" title=\"P6063747\" src=\"https:\/\/hasici.visnove.cz\/wp-content\/uploads\/2012\/06\/P6063747-150x150.jpg\" alt=\"\" width=\"150\" height=\"150\" \/><\/a>N\u00e1sledovaly z\u00e1ludn\u00e9 ot\u00e1zky d\u011bt\u00ed, na kter\u00e9 nebylo v\u017edy snadn\u00e9 odpov\u011bd\u011bt. D\u00e1le si d\u011bti mohly prohl\u00e9dnout na\u0161e z\u00e1sahov\u00e9 vozidlo a prostory hasi\u010d\u00e1rny. Nakonec je \u010dekala sladk\u00e1 odm\u011bna za to, jak pozorn\u011b naslouchaly v\u00fdkladu hasi\u010d\u016f. Foto <a href=\"http:\/\/www.visnove.cz\/galerie\/index.php\/Exkurze-mate-sk-koly-v-hasi-sk-zbrojnici\">zde<\/a><\/p>\n","protected":false},"excerpt":{"rendered":"<p>6. \u010dervna n\u00e1s nav\u0161t\u00edvily, jako ka\u017ed\u00fd rok, d\u011bti z vi\u0161\u0148ovsk\u00e9 mate\u0159sk\u00e9 \u0161koly. D\u011btem nejprve uk\u00e1zal starosta SDH Vi\u0161\u0148ov\u00e9 pan Franti\u0161ek<\/p>\n","protected":false},"author":1,"featured_media":0,"comment_status":"open","ping_status":"open","sticky":false,"template":"","format":"standard","meta":[],"categories":[1],"tags":[],"_links":{"self":[{"href":"https:\/\/hasici.visnove.cz\/index.php?rest_route=\/wp\/v2\/posts\/528"}],"collection":[{"href":"https:\/\/hasici.visnove.cz\/index.php?rest_route=\/wp\/v2\/posts"}],"about":[{"href":"https:\/\/hasici.visnove.cz\/index.php?rest_route=\/wp\/v2\/types\/post"}],"author":[{"embeddable":true,"href":"https:\/\/hasici.visnove.cz\/index.php?rest_route=\/wp\/v2\/users\/1"}],"replies":[{"embeddable":true,"href":"https:\/\/hasici.visnove.cz\/index.php?rest_route=%2Fwp%2Fv2%2Fcomments&post=528"}],"version-history":[{"count":9,"href":"https:\/\/hasici.visnove.cz\/index.php?rest_route=\/wp\/v2\/posts\/528\/revisions"}],"predecessor-version":[{"id":540,"href":"https:\/\/hasici.visnove.cz\/index.php?rest_route=\/wp\/v2\/posts\/528\/revisions\/540"}],"wp:attachment":[{"href":"https:\/\/hasici.visnove.cz\/index.php?rest_route=%2Fwp%2Fv2%2Fmedia&parent=528"}],"wp:term":[{"taxonomy":"category","embeddable":true,"href":"https:\/\/hasici.visnove.cz\/index.php?rest_route=%2Fwp%2Fv2%2Fcategories&post=528"},{"taxonomy":"post_tag","embeddable":true,"href":"https:\/\/hasici.visnove.cz\/index.php?rest_route=%2Fwp%2Fv2%2Ftags&post=528"}],"curies":[{"name":"wp","href":"https:\/\/api.w.org\/{rel}","templated":true}]}}