{"id":723,"date":"2013-07-27T08:27:51","date_gmt":"2013-07-27T06:27:51","guid":{"rendered":"https:\/\/hasici.visnove.cz\/?p=723"},"modified":"2013-07-27T08:28:14","modified_gmt":"2013-07-27T06:28:14","slug":"slavnostni-pozehnani-nasemu-novemu-hasicskemu-vozidlu","status":"publish","type":"post","link":"https:\/\/hasici.visnove.cz\/?p=723","title":{"rendered":"Slavnostn\u00ed po\u017eehn\u00e1n\u00ed na\u0161emu nov\u00e9mu hasi\u010dsk\u00e9mu vozidlu."},"content":{"rendered":"<p>Sobotn\u00ed program pout\u011b m\u011bli ve sv\u00fdch organiza\u010dn\u00edch rukou hasi\u010di z\u00a0Vi\u0161\u0148ov\u00e9ho a na jeho odpoledne p\u0159ipravili\u00a0<b>Slavnostn\u00ed po\u017eehn\u00e1n\u00ed na\u0161emu nov\u00e9mu hasi\u010dsk\u00e9mu vozidlu<\/b>.<\/p>\n<p>Po dlouh\u00fdch t\u0159iceti letech z\u00edskala JSDH Vi\u0161\u0148ov\u00e9 nov\u00e9 hasi\u010dsk\u00e9 vozidlo. P\u0159evodem z\u00a0kraje z\u00edskala vozidlo CAS K 25 LIAZ. Jeho repase si v\u0161ak vy\u017e\u00e1dala za p\u0159isp\u011bn\u00ed 100\u00a0000,\u2013 od Agroservisu 1. zem\u011bd\u011blsk\u00e9 a. s. Vi\u0161\u0148ov\u00e9 n\u00e1klad necel\u00fdch sedmi set tis\u00edc korun. Ostatn\u00ed drobn\u00e9 opravy a \u00fapravy si provedli hasi\u010di sami.<\/p>\n<p><a href=\"http:\/\/www.visnove.cz\/wp-content\/uploads\/2013\/07\/1044862_628899420455009_875644853_n.jpg\"><img loading=\"lazy\" class=\"alignleft\" alt=\"1044862_628899420455009_875644853_n\" src=\"http:\/\/www.visnove.cz\/wp-content\/uploads\/2013\/07\/1044862_628899420455009_875644853_n-300x224.jpg\" width=\"300\" height=\"224\" \/><\/a>Samotn\u00e9 po\u017eehn\u00e1n\u00ed zapo\u010dalo \u010dtrn\u00e1ctou hodinou vystoupen\u00edm ma\u017eoretek vi\u0161\u0148ovsk\u00e9 \u0161koly Laxssi. Slavnostn\u00ed p\u0159\u00edjezd nov\u00e9ho nabl\u00fdskan\u00e9ho vozidla s\u00a0pln\u011b vybavenou pos\u00e1dkou p\u0159ed hasi\u010dskou zbrojnici byl skute\u010dn\u011b d\u016fstojn\u00fd dan\u00e9 ud\u00e1losti. P\u0159\u00edjemn\u00e9 slunn\u00e9 letn\u00ed po\u010das\u00ed p\u0159izvalo i davy nejen m\u00edstn\u00edch ob\u010dan\u016f. \u00davodn\u00ed projev pronesl starosta SDH a dlouholet\u00fd \u010dlen z\u00e1sahov\u00e9 jednotky pan Franti\u0161ek \u0160n\u00e1bl. N\u00e1sledn\u011b p\u0159edal slovo starostovi obce Vladim\u00edru Korkovi. Ten vedle p\u0159iv\u00edt\u00e1n\u00ed znovu pod\u011bkoval kraji za vozidlo, ocenil pr\u00e1ci v\u0161ech, kte\u0159\u00ed se na tomto pod\u00edleli, pod\u011bkoval p\u0159\u00edtomn\u00fdm z\u00e1stupc\u016fm agroservisu.<\/p>\n<p>Pak n\u00e1sledovalo p\u0159ed\u00e1n\u00ed bronzov\u00fdch medail\u00ed hejtmana JMK zaslou\u017eil\u00fdm hasi\u010d\u016fm Josefu \u0160n\u00e1blovi, Radku Br\u00e1zdovi a Franti\u0161ku \u0160n\u00e1blovi, kter\u00e9 p\u0159i omluv\u011b pana Michala Ha\u0161ka z\u00a0\u00fa\u010dasti p\u0159ed\u00e1val pan Anton\u00edn Osvald z\u00a0kancel\u00e1\u0159e hejtmana. P\u0159\u00edtomni byli i z\u00e1stupce HZS Znojmo Radek Chrom\u00fd, radn\u00ed JMK Ji\u0159\u00ed N\u011bmec a dal\u0161\u00ed v\u00fdznamn\u00ed host\u00e9. Obdobn\u00e9ho ocen\u011bn\u00ed se dostalo i SDH Vi\u0161\u0148ov\u00e9. Po tomto p\u0159edal je\u0161t\u011b starosta obce ocen\u011bn\u00ed za p\u0159\u00edkladnou pr\u00e1ci panu Petru \u0160n\u00e1blovi a pam\u011btn\u00ed list SDH.<\/p>\n<p>N\u00e1sledn\u011b pater Franti\u0161ek Nechv\u00e1tal vozidlo CAS K\u00a025 LIAZ posv\u011btil.<\/p>\n<p>Cel\u00e9 odpoledne se neslo ve znamen\u00ed z\u00e1bavy, ke kter\u00e9 p\u0159isp\u011blo bohat\u00e9 ob\u010derstven\u00ed p\u0159ipraven\u00e9 hasi\u010di, dechov\u00e1 hudba Sonet a p\u0159ipraven\u00e9 prost\u0159ed\u00ed. Hasi\u010di nezapomn\u011bli ani na d\u011bti, pro n\u011b\u017e vytvo\u0159en\u00e1 neskute\u010dn\u00e1 letn\u00ed z\u00e1v\u011bj p\u011bny byla tou nejlep\u0161\u00ed z\u00e1bavou.<\/p>\n<p><a href=\"http:\/\/www.visnove.cz\/galerie\/index.php\/ehn-n-z-sahov-mu-vozu\">foto \u2013 \u017eehn\u00e1n\u00ed hasi\u010dsk\u00e9mu vozu<\/a><\/p>\n<p><a href=\"http:\/\/www.visnove.cz\/galerie\/index.php\/ehn-n-z-sahov-mu-vozu\/ma-oretky-Laxssi\">foto \u2013 ma\u017eoretky<\/a><\/p>\n","protected":false},"excerpt":{"rendered":"<p>Sobotn\u00ed program pout\u011b m\u011bli ve sv\u00fdch organiza\u010dn\u00edch rukou hasi\u010di z\u00a0Vi\u0161\u0148ov\u00e9ho a na jeho odpoledne p\u0159ipravili\u00a0Slavnostn\u00ed po\u017eehn\u00e1n\u00ed na\u0161emu nov\u00e9mu hasi\u010dsk\u00e9mu vozidlu.<\/p>\n","protected":false},"author":1,"featured_media":0,"comment_status":"open","ping_status":"open","sticky":false,"template":"","format":"standard","meta":[],"categories":[1],"tags":[],"_links":{"self":[{"href":"https:\/\/hasici.visnove.cz\/index.php?rest_route=\/wp\/v2\/posts\/723"}],"collection":[{"href":"https:\/\/hasici.visnove.cz\/index.php?rest_route=\/wp\/v2\/posts"}],"about":[{"href":"https:\/\/hasici.visnove.cz\/index.php?rest_route=\/wp\/v2\/types\/post"}],"author":[{"embeddable":true,"href":"https:\/\/hasici.visnove.cz\/index.php?rest_route=\/wp\/v2\/users\/1"}],"replies":[{"embeddable":true,"href":"https:\/\/hasici.visnove.cz\/index.php?rest_route=%2Fwp%2Fv2%2Fcomments&post=723"}],"version-history":[{"count":3,"href":"https:\/\/hasici.visnove.cz\/index.php?rest_route=\/wp\/v2\/posts\/723\/revisions"}],"predecessor-version":[{"id":726,"href":"https:\/\/hasici.visnove.cz\/index.php?rest_route=\/wp\/v2\/posts\/723\/revisions\/726"}],"wp:attachment":[{"href":"https:\/\/hasici.visnove.cz\/index.php?rest_route=%2Fwp%2Fv2%2Fmedia&parent=723"}],"wp:term":[{"taxonomy":"category","embeddable":true,"href":"https:\/\/hasici.visnove.cz\/index.php?rest_route=%2Fwp%2Fv2%2Fcategories&post=723"},{"taxonomy":"post_tag","embeddable":true,"href":"https:\/\/hasici.visnove.cz\/index.php?rest_route=%2Fwp%2Fv2%2Ftags&post=723"}],"curies":[{"name":"wp","href":"https:\/\/api.w.org\/{rel}","templated":true}]}}